{"id":1578,"date":"2020-10-15T07:19:36","date_gmt":"2020-10-15T07:19:36","guid":{"rendered":"https:\/\/altosor-communication-martinique.com\/?p=1578"},"modified":"2023-12-26T18:10:10","modified_gmt":"2023-12-26T17:10:10","slug":"logo-entreprise","status":"publish","type":"post","link":"https:\/\/www.altosor-communication.com\/martinique\/logo-entreprise\/","title":{"rendered":"Cr\u00e9ation de logo entreprise et charte graphique sur-mesure en Martinique &#8211; 3 avantages"},"content":{"rendered":"\n<p>Chers entrepreneurs de Martinique ! Vous n\u2019avez pas encore choisi de<strong> logo pour repr\u00e9senter votre entreprise<\/strong> ? Votre business en Martinique est cr\u00e9\u00e9, mais jusqu\u2019\u00e0 pr\u00e9sent vous vous passiez de logo et d<strong>\u2018\u00e9l\u00e9ments de graphisme<\/strong> ? Et si vous optiez maintenant pour un<strong> logo professionnel et une charte graphique<\/strong> pour cr\u00e9dibiliser votre association ou soci\u00e9t\u00e9 ? L\u00b4agence graphique Altosor Communication Martinique vous d\u00e9voile pourquoi et <strong>comment un logo entreprise et une charte graphique peuvent transcender votre activit\u00e9<\/strong>.<\/p>\n\n\n\n<p><a href=\"https:\/\/www.altosor-communication.com\/martinique\/graphic-design\/\" target=\"_blank\" rel=\"noreferrer noopener\">Voir nos prix pour la cr\u00e9ation de logo<\/a><\/p>\n\n\n\n<h2 class=\"wp-block-heading\">Quels sont les \u00e9l\u00e9ments composant une identit\u00e9 visuelle pour votre marque ?<\/h2>\n\n\n\n<p>\u00c1 l&rsquo;agence Altosor Communication, nos graphistes sont convaincus de l&rsquo;importance du design dans la <a href=\"https:\/\/www.altosor-communication.com\/martinique\/identite-visuelle-martinique\/\"><strong>cr\u00e9ation d&rsquo;une identit\u00e9 visuelle<\/strong> forte<\/a> pour votre entreprise en Martinique ou Antilles-Guyane. Le <strong>logo <\/strong>et la c<strong>harte graphique<\/strong> sont deux \u00e9l\u00e9ments essentiels qui contribuent \u00e0 forger cette image.<\/p>\n\n\n\n<p>Le <strong>logo<\/strong>, ou <strong><a href=\"https:\/\/fr.wikipedia.org\/wiki\/Fichier:Logotype_de_la_collectivit%C3%A9_territoriale_de_Martinique.svg\" target=\"_blank\" rel=\"noopener\">logotype<\/a><\/strong>, est plus qu&rsquo;un simple nom stylis\u00e9. Il s&rsquo;agit d&rsquo;une repr\u00e9sentation graphique qui doit \u00eatre le reflet de votre marque. Sa forme, sa couleur, sa typographie, chaque \u00e9l\u00e9ment doit \u00eatre choisi avec soin pour v\u00e9hiculer le meilleur de ce que votre entreprise repr\u00e9sente.<\/p>\n\n\n\n<p>La <strong>charte graphique<\/strong>, quant \u00e0 elle, d\u00e9finit les r\u00e8gles d&rsquo;utilisation de votre logo et de vos \u00e9l\u00e9ments visuels sur tous types de supports. Elle garantit une coh\u00e9rence visuelle et une qualit\u00e9 constante de votre image de marque.<\/p>\n\n\n\n<p>Choisir de <strong>cr\u00e9er un logo<\/strong> et une <strong>charte graphique <\/strong>pour votre entreprise n&rsquo;est pas une d\u00e9pense, mais un investissement. Certes, il existe des mod\u00e8les gratuits sur le web, mais ils ne peuvent pas r\u00e9pondre \u00e0 vos besoins sp\u00e9cifiques ni refl\u00e9ter l&rsquo;unicit\u00e9 de votre entreprise.<\/p>\n\n\n\n<p>Faire appel \u00e0 un cr\u00e9ateur ou \u00e0 un designer professionnel pour la cr\u00e9ation de ces \u00e9l\u00e9ments vous permet de b\u00e9n\u00e9ficier d&rsquo;un travail sur mesure, adapt\u00e9 \u00e0 votre ligne \u00e9ditoriale et \u00e0 vos valeurs. Ce choix assure \u00e9galement une meilleure gestion de votre image de marque.<\/p>\n\n\n\n<p>En conclusion, cr\u00e9er un logo et une charte graphique pour votre entreprise est une \u00e9tape cl\u00e9 pour vous d\u00e9marquer et affirmer votre propre identit\u00e9. N&rsquo;h\u00e9sitez pas \u00e0 nous contacter pour discuter de vos projets et voir des exemples de notre travail.<\/p>\n\n\n\n<h2 class=\"wp-block-heading\">Pourquoi utiliser un logo professionnel pour son entreprise ?<\/h2>\n\n\n\n<p>Vous poss\u00e9dez une entreprise en Martinique et vous le savez bien, vous avez besoin de <strong>faire conna\u00eetre votre marque<\/strong>, vos produits ou vos services. C\u2019est essentiel pour<strong> d\u00e9velopper votre activit\u00e9<\/strong> et votre chiffre d\u2019affaires.<\/p>\n\n\n\n<p>La communication vous permet de <strong>diffuser votre message<\/strong> et de vous faire conna\u00eetre aupr\u00e8s de vos prospects. Sans communication, comment<strong> attirer de nouveaux clients<\/strong> et les fid\u00e9liser ?<\/p>\n\n\n\n<p>Complexe, en effet.<\/p>\n\n\n\n<h3 class=\"wp-block-heading\">1. Entre en t\u00eate facilement<\/h3>\n\n\n\n<p>Saviez-vous qu\u2019un logo et une charte graphique harmonis\u00e9e vous permettent de rentrer plus facilement dans la t\u00eate de vos prospects ? Un logo bien travaill\u00e9 est une repr\u00e9sentation, une association instantan\u00e9e pour votre cible.<\/p>\n\n\n\n<p>Regardez un peu, \u00e0 quoi associez-vous une pomme blanche croqu\u00e9e ? La lette M et la couleur jaune ?<\/p>\n\n\n\n<p>Apple et McDonald\u2019s, parfaitement.<\/p>\n\n\n\n<p>Cette prouesse de communication est \u00e9troitement li\u00e9e \u00e0 leur<a href=\"https:\/\/altosor-communication-martinique.com\/graphic-design\/\" target=\"_blank\" rel=\"noreferrer noopener\"> logo et charte graphique<\/a>. Voici pourquoi vous devriez penser \u00e0 utiliser un logo professionnel pour votre business en Martinique\u2026<\/p>\n\n\n\n<h3 class=\"wp-block-heading\">2. Cr\u00e9dibilise et rassure<\/h3>\n\n\n\n<p>Une entreprise cr\u00e9dible. Voil\u00e0 ce que vous permet l\u2019<strong>utilisation d\u2019un logo professionnel<\/strong>.<\/p>\n\n\n\n<p>Un logo cr\u00e9\u00e9 \u00e0 la va-vite et non-professionnel vous dessert : le client per\u00e7oit imm\u00e9diatement un manque de professionnalisme, et doute, inconsciemment.<\/p>\n\n\n\n<p>Tandis qu\u2019utiliser un logo professionnel et une charte graphique associ\u00e9es diffusent de la cr\u00e9dibilit\u00e9 dans la t\u00eate de vos clients. Un logo pro et une <strong>coh\u00e9rence visuelle<\/strong>, voil\u00e0 de quoi donner une image professionnelle et rassurante \u00e0 votre entreprise.<\/p>\n\n\n\n<h3 class=\"wp-block-heading\">3. Permet l\u2019unit\u00e9<\/h3>\n\n\n\n<p>Lorsque vous utilisez un logo professionnel, demandez \u00e9galement la charte graphique correspondante. Pour rappel, la charte graphique correspond \u00e0 l\u2019ensemble des <strong>couleurs<\/strong>, des typographies, des tailles utilis\u00e9es pour vos communications visuelles.<\/p>\n\n\n\n<p>Ainsi, la charte graphique reprend : les codes couleurs exacts pr\u00e9sents dans votre logo, les caract\u00e9ristiques des polices d\u2019\u00e9critures s\u00e9lectionn\u00e9es etc. C\u2019est ce que vous utiliserez ensuite sur tous vos documents professionnels :<\/p>\n\n\n\n<p>En retrouvant syst\u00e9matiquement les <strong>m\u00eames informations visuelles<\/strong> sur tous vos documents, l\u2019unit\u00e9 est cr\u00e9\u00e9e. L\u2019association de tous ces \u00e9l\u00e9ments de mani\u00e8re syst\u00e9matique permet aux clients d\u2019ancrer en eux votre entreprise.<\/p>\n\n\n\n<p>Ils identifient ensuite d\u2019un seul coup d\u2019oeil votre activit\u00e9 facilement (comme pour l\u2019exemple d\u2019Apple pr\u00e9c\u00e9demment).<\/p>\n\n\n\n<h2 class=\"wp-block-heading\">Comment cr\u00e9er un logo entreprise avec sa charte graphique sur mesure ?<\/h2>\n\n\n\n<p>Cr\u00e9er un logo d&rsquo;entreprise avec sa charte graphique sur mesure est un processus qui n\u00e9cessite une compr\u00e9hension approfondie de votre marque et de ses valeurs. Les <strong>graphistes <\/strong>\u00e0 l&rsquo;agence Altososr Communication Martinique suivent le processus suivant pour \u00e9laborer une identit\u00e9 visuelle r\u00e9ussie :<\/p>\n\n\n\n<ul class=\"wp-block-list\">\n<li><strong>Comprendre la marque<\/strong> : Avant de commencer le processus de cr\u00e9ation, il est primordial de comprendre la philosophie de l&rsquo;entreprise, son public cible, ses valeurs et sa vision. Cela aidera \u00e0 cr\u00e9er un logo et une charte graphique qui refl\u00e8tent v\u00e9ritablement l&rsquo;identit\u00e9 de l&rsquo;entreprise.<\/li>\n\n\n\n<li><strong>Choix des couleurs<\/strong> : Les couleurs jouent un r\u00f4le important dans la perception de la marque par le public. Il est essentiel de choisir des couleurs qui correspondent \u00e0 l&rsquo;image de marque que vous souhaitez projeter.<\/li>\n\n\n\n<li><strong>Cr\u00e9ation du logo<\/strong> : Le logo est souvent la premi\u00e8re chose que les gens voient lorsqu&rsquo;ils interagissent avec votre marque. Il doit \u00eatre simple, m\u00e9morable et pertinent pour votre entreprise.<\/li>\n\n\n\n<li><strong>D\u00e9finir la typographie<\/strong> : La typographie utilis\u00e9e doit \u00eatre en accord avec l&rsquo;image de marque de l&rsquo;entreprise. Elle doit \u00eatre facile \u00e0 lire et \u00e0 comprendre.<\/li>\n\n\n\n<li><strong>Cr\u00e9ation de la charte graphique<\/strong> : Une fois le logo cr\u00e9\u00e9, il est temps de mettre en place la charte graphique. Ce document contiendra toutes les r\u00e8gles d&rsquo;utilisation des \u00e9l\u00e9ments graphiques de l&rsquo;entreprise (codes couleurs, typographies, logo\u2026).<\/li>\n\n\n\n<li><strong>Consistance<\/strong> : Pour renforcer la marque, il est important de maintenir une consistance dans l&rsquo;utilisation des \u00e9l\u00e9ments graphiques sur tous les supports de communication.<\/li>\n\n\n\n<li><strong>\u00c9valuation et am\u00e9liorations<\/strong> : Enfin, il est essentiel d&rsquo;\u00e9valuer r\u00e9guli\u00e8rement l&rsquo;efficacit\u00e9 du logo et de la charte graphique et d&rsquo;apporter les am\u00e9liorations n\u00e9cessaires.<\/li>\n<\/ul>\n\n\n\n<p>En suivant ces \u00e9tapes, nous vous aidons \u00e0 <strong>cr\u00e9er un logo d&rsquo;entreprise<\/strong> et une <strong>charte graphique sur mesure<\/strong> qui renforcent votre marque et attirent votre public cible en Martinique et Antilles-Guyane.<\/p>\n\n\n\n<p>Pour cr\u00e9er un <strong>logo professionnel<\/strong> et une <strong>charte graphique coh\u00e9rente<\/strong>, rien de vaut l\u2019<strong>expertise d\u2019un graphic designer ou webdesigner<\/strong>.<\/p>\n\n\n\n<p>Chez Altosor Communication Martinique, nous vous proposons l\u2019exp\u00e9rience et la cr\u00e9ativit\u00e9 de notre<strong> \u00e9quipe d\u2019experts<\/strong>. Nous cr\u00e9ons pour vous le logo qui correspond le plus \u00e0 votre entreprise, ainsi que la charte graphique qui vous accompagne sur toutes vos communications.<\/p>\n\n\n\n<p>Parlez-nous de votre activit\u00e9, vos clients, votre cible et nous r\u00e9alisons pour vous en sur-mesure tous vos \u00e9l\u00e9ments visuels. <a href=\"https:\/\/altosor-communication-martinique.com\/contact\/\" target=\"_blank\" rel=\"noreferrer noopener\">Contactez-nous en remplissant ce formulaire<\/a>, nous nous ferons un plaisir d\u2019\u00e9changer avec vous sur votre projet cr\u00e9atif !<\/p>\n\n\n\n<h2 class=\"wp-block-heading\">Combien co\u00fbte la cr\u00e9ation d\u00b4un logo entreprise avec sa charte graphique pour mon entreprise en Martinique ?<\/h2>\n\n\n\n<p>La cr\u00e9ation d&rsquo;un logo et d&rsquo;une charte graphique sur mesure est un processus complexe qui n\u00e9cessite de l&rsquo;expertise et du temps. Les co\u00fbts peuvent varier en fonction de nombreux facteurs, comme la taille de votre entreprise, le niveau de d\u00e9tail souhait\u00e9 pour le logo et la charte graphique, ainsi que l&rsquo;exp\u00e9rience et la r\u00e9putation de l&rsquo;agence ou du graphiste. Une identit\u00e9 visuelle peut se comparer \u00e0 un accessoire de mode.&nbsp;<\/p>\n\n\n\n<p>Selon la concurrence consult\u00e9e, le co\u00fbt pour la cr\u00e9ation d&rsquo;un logo professionnel par une agence de communication ou des graphistes exp\u00e9riment\u00e9s se situe g\u00e9n\u00e9ralement entre 900 \u20ac et 15 000 \u20ac. En moyenne, pour cr\u00e9er un logo, il faut compter entre 3 et 10 jours.<\/p>\n\n\n\n<p>Concernant la charte graphique, les tarifs peuvent varier entre 200 et 2 000 euros. Si vous \u00eates une TPE, la fourchette de prix pour la cr\u00e9ation d\u00b4une charte graphique oscille traditionnellement entre 100 et 500 euros HT. Pour une PME, le co\u00fbt peut \u00eatre plus \u00e9lev\u00e9.<\/p>\n\n\n\n<h3 class=\"wp-block-heading\">Quel devrait \u00eatre votre budget pour la cr\u00e9er un logo en Martinique avec un graphiste exp\u00e9riment\u00e9(e) ?<\/h3>\n\n\n\n<p>Il est important de noter que ces co\u00fbts sont des estimations et peuvent varier en fonction de vos besoins sp\u00e9cifiques. Nous vous invitons \u00e0 prendre contact avec notre agence Altosor Communication Martinique pour discuter de votre projet et obtenir un devis personnalis\u00e9.<\/p>\n\n\n\n<p><a href=\"https:\/\/www.altosor-communication.com\/martinique\/graphic-design\/\" target=\"_blank\" rel=\"noreferrer noopener\">Consultez nos forfaits et tarifs pour la cr\u00e9ation de logo et charte graphique<\/a><\/p>\n\n\n\n<p>L&rsquo;\u00e9quipe Altosor Communication Martinique.<\/p>\n","protected":false},"excerpt":{"rendered":"<p>Chers entrepreneurs de Martinique ! Vous n\u2019avez pas encore choisi de logo pour repr\u00e9senter votre entreprise ? Votre business en Martinique est cr\u00e9\u00e9, mais jusqu\u2019\u00e0 pr\u00e9sent vous vous passiez de logo et d\u2018\u00e9l\u00e9ments de graphisme ? Et si vous optiez maintenant pour un logo professionnel et une charte graphique pour cr\u00e9dibiliser votre association ou soci\u00e9t\u00e9 [&hellip;]<\/p>\n","protected":false},"author":1,"featured_media":1580,"comment_status":"open","ping_status":"closed","sticky":false,"template":"","format":"standard","meta":{"footnotes":""},"categories":[2],"tags":[],"class_list":["post-1578","post","type-post","status-publish","format-standard","has-post-thumbnail","hentry","category-communication"],"_links":{"self":[{"href":"https:\/\/www.altosor-communication.com\/martinique\/wp-json\/wp\/v2\/posts\/1578","targetHints":{"allow":["GET"]}}],"collection":[{"href":"https:\/\/www.altosor-communication.com\/martinique\/wp-json\/wp\/v2\/posts"}],"about":[{"href":"https:\/\/www.altosor-communication.com\/martinique\/wp-json\/wp\/v2\/types\/post"}],"author":[{"embeddable":true,"href":"https:\/\/www.altosor-communication.com\/martinique\/wp-json\/wp\/v2\/users\/1"}],"replies":[{"embeddable":true,"href":"https:\/\/www.altosor-communication.com\/martinique\/wp-json\/wp\/v2\/comments?post=1578"}],"version-history":[{"count":5,"href":"https:\/\/www.altosor-communication.com\/martinique\/wp-json\/wp\/v2\/posts\/1578\/revisions"}],"predecessor-version":[{"id":12345,"href":"https:\/\/www.altosor-communication.com\/martinique\/wp-json\/wp\/v2\/posts\/1578\/revisions\/12345"}],"wp:featuredmedia":[{"embeddable":true,"href":"https:\/\/www.altosor-communication.com\/martinique\/wp-json\/wp\/v2\/media\/1580"}],"wp:attachment":[{"href":"https:\/\/www.altosor-communication.com\/martinique\/wp-json\/wp\/v2\/media?parent=1578"}],"wp:term":[{"taxonomy":"category","embeddable":true,"href":"https:\/\/www.altosor-communication.com\/martinique\/wp-json\/wp\/v2\/categories?post=1578"},{"taxonomy":"post_tag","embeddable":true,"href":"https:\/\/www.altosor-communication.com\/martinique\/wp-json\/wp\/v2\/tags?post=1578"}],"curies":[{"name":"wp","href":"https:\/\/api.w.org\/{rel}","templated":true}]}}