{"id":4966,"date":"2021-11-15T08:53:00","date_gmt":"2021-11-15T08:53:00","guid":{"rendered":"https:\/\/altosor-communication-martinique.com\/?p=4966"},"modified":"2021-11-15T08:53:00","modified_gmt":"2021-11-15T08:53:00","slug":"pret-territorial-covid-19","status":"publish","type":"post","link":"https:\/\/www.altosor-communication.com\/martinique\/pret-territorial-covid-19\/","title":{"rendered":"Pr\u00eat Territorial Covid-19 \u00e0 l\u2019attention des entreprises martiniquaises"},"content":{"rendered":"\n<p>Comme la M\u00e9tropole, les DOM-TOM ont \u00e9galement souffert de la pand\u00e9mie du Covid 19. C\u2019est notamment le cas de la Martinique o\u00f9 l\u2019activit\u00e9 \u00e9conomique tourne au ralenti et les plages sont d\u00e9sesp\u00e9r\u00e9ment d\u00e9sertes. Il est vrai que l\u2019\u00eele a d\u00e9j\u00e0 pay\u00e9 un lourd tribut sur le plan sanitaire depuis l\u2019arriv\u00e9e de ce dernier sur le territoire en mars 2020. Par ailleurs, l\u2019\u00e9conomie de l\u2019\u00eele est \u00e9galement sinistr\u00e9e, notamment l\u2019industrie h\u00f4teli\u00e8re. Mais les entrepreneurs peuvent esp\u00e9rer se remettre en selle gr\u00e2ce au <strong>Pr\u00eat Territorial <\/strong><strong>Covid-19<\/strong>.<\/p>\n\n\n\n<h2 class=\"wp-block-heading\"><strong>\u00c0 quoi sert le Pr\u00eat Territorial Covid-19\u2009?<\/strong><\/h2>\n\n\n\n<p>Le <strong>Pr\u00eat Territorial&nbsp;Covid-19 <\/strong>est une aide financi\u00e8re propos\u00e9 par la Collectivit\u00e9 Territoriale de Martinique \u00e0 destination des entreprises qui font face \u00e0 des difficult\u00e9s de tr\u00e9sorerie du fait de la crise sanitaire. Il s\u2019agit donc d\u2019un dispositif de soutien pour permettre \u00e0 ces soci\u00e9t\u00e9s de reprendre leurs activit\u00e9s. Les entreprises \u00e9ligibles \u00e0 ce pr\u00eat sont les PME et les TPE dont le si\u00e8ge social est bas\u00e9 en Martinique. D\u2019autre part, il est indispensable que leur activit\u00e9 ait effectivement d\u00e9marr\u00e9 depuis au moins 6 mois. En outre, elles doivent rencontrer de r\u00e9elles difficult\u00e9s de tr\u00e9sorerie faisant peser une grave menace sur leur avenir et leur existence.<\/p>\n\n\n\n<h3 class=\"wp-block-heading\"><strong>Modalit\u00e9s du pr\u00eat<\/strong><\/h3>\n\n\n\n<p>En fait, le <strong>Pr\u00eat Territorial&nbsp;Covid-19<\/strong>, octroy\u00e9 par la Collectivit\u00e9 Territoriale de Martinique est un pr\u00eat \u00e0 taux z\u00e9ro. Son montant est plafonn\u00e9 \u00e0 60\u2009000&nbsp;\u20ac par entreprise. Cette aide est destin\u00e9e \u00e0 financer 50&nbsp;% des besoins de celle-ci, dans toutes les cat\u00e9gories de d\u00e9penses \u00e9ligibles. Il s\u2019agit notamment&nbsp;:<\/p>\n\n\n\n<ul class=\"wp-block-list\"><li>Des investissements,&nbsp;<\/li><li>Du Besoin en Fonds de Roulement (BFR),<\/li><li>Etc.<\/li><\/ul>\n\n\n\n<p>Cependant, les entreprises qui sont frapp\u00e9es de fermeture totale par suite d\u2019un ordre administratif peuvent encore pr\u00e9tendre \u00e0 un bonus de 10&nbsp;%. En ce qui concerne la dur\u00e9e de cette aide, elle est de 7 ans, avec un diff\u00e9r\u00e9 de 1 an. Il convient de souligner qu\u2019il n\u2019est pas n\u00e9cessaire de pr\u00e9senter une garantie personnelle si votre entreprise souhaite b\u00e9n\u00e9ficier du <strong>Pr\u00eat Territorial&nbsp;Covid-19<\/strong>. D\u2019autre part, il faut que le chiffre d\u2019affaires de votre entreprise n\u2019ait pas d\u00e9pass\u00e9 2 millions d\u2019euros en 2018 et qu\u2019il ait baiss\u00e9 de plus de 30&nbsp;% en mars et avril 2020. Ce qui doit se traduire par une d\u00e9t\u00e9rioration de votre fonds de roulement. Enfin, il est indispensable que votre soci\u00e9t\u00e9 soit en incapacit\u00e9 de payer ses dettes.<\/p>\n\n\n\n<h3 class=\"wp-block-heading\"><strong>Les exclusions<\/strong><\/h3>\n\n\n\n<p>D\u2019embl\u00e9e, il faut savoir que le <strong>Pr\u00eat Territorial&nbsp;<\/strong><strong>Covid-19<\/strong><strong> <\/strong>s\u2019adresse aux PME et TPE qui rencontrent des soucis ponctuels dans leur tr\u00e9sorerie \u00e0 cause des r\u00e9percussions \u00e0 la fois sanitaires et \u00e9conomiques du Covid 19. Ces soci\u00e9t\u00e9s ont d\u00fb arr\u00eater totalement ou ralentir de mani\u00e8re importante leurs activit\u00e9s afin de respecter les mesures de confinement d\u00e9cid\u00e9es par le Gouvernement \u00e0 partir du 14 mars 2020. Ainsi, le pr\u00eat a pour objectif de financer les investissements ou le besoin en fonds de roulement de ces entreprises. Toutefois, il ne peut pas \u00eatre utilis\u00e9 pour r\u00e9gler les dettes aupr\u00e8s d\u2019organismes sociaux ou fiscaux. De m\u00eame l\u2019entrepreneur ne peut pas s\u2019en servir pour rembourser par anticipation ses pr\u00eats en cours.<\/p>\n\n\n\n<h3 class=\"wp-block-heading\"><strong>Cas particuliers&nbsp;<\/strong><\/h3>\n\n\n\n<p>Avant de se pencher sur les d\u00e9marches \u00e0 suivre pour obtenir un <strong>Pr\u00eat Territorial&nbsp;Covid-19<\/strong>, il est utile de faire le point sur 2 cas particuliers.<\/p>\n\n\n\n<ol class=\"wp-block-list\"><li>Votre entreprise est en arr\u00eat total d\u2019activit\u00e9<\/li><\/ol>\n\n\n\n<p>Dans ce cas, elle peut recevoir une aide dont le montant varie entre 1\u2009000 et 10\u2009000&nbsp;\u20ac maximum. Pour cela, il faut tenir compte d\u2019une perte de 30&nbsp;% entre le 1<sup>er<\/sup> mars et le 30 avril 2020, compar\u00e9e au chiffre d\u2019affaires que vous avez r\u00e9alis\u00e9 entre le 1<sup>er<\/sup> mars et le 30 avril 2019. Il y a aussi 1\u2009000&nbsp;\u20ac par \u00e9quivalent temps plein maintenu en avril 2020. \u00c0 ce stade, les entreprises qui ont moins de 1 an d\u2019existence peuvent pr\u00e9tendre \u00e0 un forfait de 1\u2009500&nbsp;\u20ac pour cause d\u2019impact du Covid 19 sur leur chiffre d\u2019affaires.<\/p>\n\n\n\n<ol class=\"wp-block-list\" start=\"2\"><li>Votre entreprise a ralenti son activit\u00e9<\/li><\/ol>\n\n\n\n<p>Dans ce cas, elle peut recevoir une aide dont le montant oscille entre 1\u2009000 et 5\u2009000&nbsp;\u20ac maximum. De ce fait, il faut tenir compte d\u2019une perte de 10&nbsp;% des recettes entre le 1<sup>er<\/sup> mars et le 30 avril 2020, en comparaison du chiffre d\u2019affaires r\u00e9alis\u00e9 pendant la p\u00e9riode du 1<sup>er<\/sup> mars au 30 avril 2020. De plus, il existe 1\u2009000&nbsp;\u20ac par \u00e9quivalent temps plein maintenu pour avril 2020. Enfin, si votre entreprise a moins de 1 an d\u2019activit\u00e9, elle peut recevoir un forfait de 1\u2009000&nbsp;\u20ac pour compenser l\u2019impact du Covid&nbsp;19 sur son chiffre d\u2019affaires.&nbsp;<\/p>\n\n\n\n<figure class=\"wp-block-image size-full\"><img fetchpriority=\"high\" decoding=\"async\" width=\"1024\" height=\"683\" src=\"https:\/\/www.altosor-communication.com\/martinique\/wp-content\/uploads\/sites\/3\/2021\/11\/Pre\u0302t-Territorial-Covid-19-altosor-communication.jpeg\" alt=\"\" class=\"wp-image-4974\" srcset=\"https:\/\/www.altosor-communication.com\/martinique\/wp-content\/uploads\/sites\/3\/2021\/11\/Pre\u0302t-Territorial-Covid-19-altosor-communication.jpeg 1024w, https:\/\/www.altosor-communication.com\/martinique\/wp-content\/uploads\/sites\/3\/2021\/11\/Pre\u0302t-Territorial-Covid-19-altosor-communication-300x200.jpeg 300w, https:\/\/www.altosor-communication.com\/martinique\/wp-content\/uploads\/sites\/3\/2021\/11\/Pre\u0302t-Territorial-Covid-19-altosor-communication-768x512.jpeg 768w\" sizes=\"(max-width: 1024px) 100vw, 1024px\" \/><figcaption>Pr\u00eat Territorial Covid-19 &#8211; Altosor Communication Martinique<\/figcaption><\/figure>\n\n\n\n<p><\/p>\n\n\n\n<h2 class=\"wp-block-heading\"><strong>Comment obtenir ce pr\u00eat\u2009?<\/strong><\/h2>\n\n\n\n<p>Si vous \u00eates \u00e9ligible, il est temps de d\u00e9couvrir les d\u00e9marches \u00e0 effectuer afin de demander le <strong>Pr\u00eat Territorial&nbsp;Covid-19 <\/strong>pour votre entreprise.&nbsp;<\/p>\n\n\n\n<h3 class=\"wp-block-heading\"><strong>A qui s\u2019adresser&nbsp;?<\/strong><\/h3>\n\n\n\n<p>Il faut savoir que la Collectivit\u00e9 Territoriale de Martinique (CTM) a d\u00e9mat\u00e9rialis\u00e9 totalement la proc\u00e9dure de r\u00e9ception et de traitement des demandes. Ainsi, vous devez vous connecter sur le site Internet de la CTM pour en savoir plus.&nbsp;<\/p>\n\n\n\n<p>Toutefois, c\u2019est d\u00e9sormais <a href=\"http:\/\/www.initiative-martinique.com\/v1\/pret-territorial-covid-19-vague-4\/\" target=\"_blank\" rel=\"noopener\">Initiative Martinique Active<\/a> (IMA) qui est charg\u00e9 par la CTM d\u2019instruire les dossiers de pr\u00eat. En d\u2019autres termes, les demandes sont \u00e0 adresser directement \u00e0 l\u2019IMA.&nbsp;<\/p>\n\n\n\n<p>Vous pouvez donc contacter directement cette structure par mail ou par t\u00e9l\u00e9phone afin d\u2019obtenir davantage d\u2019informations. Il est aussi possible de naviguer sur son portail web afin d\u2019\u00e9viter toute perte de temps. Enfin, vous devez savoir que la date limite de d\u00e9p\u00f4t de la demande de <strong>Pr\u00eat Territorial&nbsp;Covid-19 <\/strong>est fix\u00e9e au <strong>30 novembre 2021<\/strong>. En ce qui concerne la dur\u00e9e de traitement des dossiers, les diff\u00e9rents acteurs sont conscients qu\u2019il s\u2019agit d\u2019une course contre la montre et que la survie des entreprises peut en d\u00e9pendre. C\u2019est pourquoi ils s\u2019engagent \u00e0 ce que chaque dossier soit trait\u00e9 le plus rapidement possible, \u00e9tant donn\u00e9 qu\u2019il s\u2019agit d\u2019une logique d\u2019urgence. Dans cette optique, le traitement est beaucoup plus rapide que d\u2019habitude. En effet, il n\u2019est pas rare qu\u2019un dossier soit v\u00e9rifi\u00e9 et valid\u00e9 dans une m\u00eame journ\u00e9e\u2009!<\/p>\n\n\n\n<h3 class=\"wp-block-heading\"><strong>Les autres aides possibles<\/strong><\/h3>\n\n\n\n<p>Par ailleurs, outre le <strong>Pr\u00eat Territorial&nbsp;Covid-19<\/strong>, la Collectivit\u00e9 Territoriale de Martinique a mis en place un certain nombre de dispositifs afin de venir en aide aux entreprises implant\u00e9es sur l\u2019\u00eele. Il faut notamment citer le Fonds de Subvention Territoriale, le Fonds de Solidarit\u00e9, l\u2019assouplissement des r\u00e8gles de mise en \u0153uvre des fonds europ\u00e9ens, la contractualisation des pr\u00eats rebonds avec la BPI, etc.<\/p>\n\n\n\n<h2 class=\"wp-block-heading\"><strong>Relancer son activit\u00e9<\/strong><\/h2>\n\n\n\n<p>Apr\u00e8s une p\u00e9riode difficile et au ralenti, il est malheureusement difficile pour les entreprises de retrouver, aussi rapidement qu\u2019elles ne le souhaiteraient, le niveau d\u2019activit\u00e9 initial. Dans ce cadre, la communication peut-\u00eatre un atout essentiel pour acc\u00e9l\u00e9rer le processus en permettant d\u2019informer vos clients de votre reprise et surtout en allant prospecter de nouvelles cibles.<\/p>\n\n\n\n<p>De plus, la crise du Covid a montr\u00e9 la n\u00e9cessit\u00e9 pour les entreprises de se digitaliser. De nombreuses soci\u00e9t\u00e9s ont, en effet, pu limiter l\u2019impact de la crise en proposant leurs produits ou services via les <a href=\"https:\/\/altosor-communication-martinique.com\/community-management-smo\/\" target=\"_blank\" rel=\"noopener\">r\u00e9seaux sociaux<\/a> ou un <a href=\"https:\/\/altosor-communication-martinique.com\/creation-site-web\/\" target=\"_blank\" rel=\"noopener\">site internet<\/a> et la mise en place de services de livraison ou de click &amp; collect, par exemple.<\/p>\n\n\n\n<p>Il est vrai qu\u2019en cas de difficult\u00e9s financi\u00e8res, il est difficile pour les entreprises d\u2019investir dans la communication et de savoir comment s\u2019y prendre pour que cet investissement ait un impact positif sur votre chiffre d\u2019affaires. Gr\u00e2ce \u00e0 notre grande expertise, notre capacit\u00e9 de conseil et notre flexibilit\u00e9 \u00e0 toute \u00e9preuve, nos clients ont pu trouver dans les \u00e9quipes d\u2019Altosor Communication Martinique, un soutien et une \u00e9coute de qualit\u00e9. C\u2019est ainsi que nous avons \u00e9t\u00e9 en mesure de les accompagner au mieux, dans le respect de leur budget, afin de les aider \u00e0 surmonter cette \u00e9preuve difficile. Vous souhaitez savoir comment nous aider et obtenir un <a href=\"https:\/\/altosor-communication-martinique.com\/conseils-communication\/\" target=\"_blank\" rel=\"noopener\">conseil de qualit\u00e9<\/a> et sur-mesure pour am\u00e9liorer votre communication et booster votre entreprise&nbsp;?&nbsp;<\/p>\n\n\n\n<p><a href=\"https:\/\/altosor-communication-martinique.com\/contact-altosor\/\" target=\"_blank\" rel=\"noopener\">Contactez-nous&nbsp;!<\/a>&nbsp;<\/p>\n","protected":false},"excerpt":{"rendered":"<p>Comme la M\u00e9tropole, les DOM-TOM ont \u00e9galement souffert de la pand\u00e9mie du Covid 19. C\u2019est notamment le cas de la Martinique o\u00f9 l\u2019activit\u00e9 \u00e9conomique tourne au ralenti et les plages sont d\u00e9sesp\u00e9r\u00e9ment d\u00e9sertes. Il est vrai que l\u2019\u00eele a d\u00e9j\u00e0 pay\u00e9 un lourd tribut sur le plan sanitaire depuis l\u2019arriv\u00e9e de ce dernier sur le [&hellip;]<\/p>\n","protected":false},"author":1,"featured_media":4970,"comment_status":"open","ping_status":"closed","sticky":false,"template":"","format":"standard","meta":{"footnotes":""},"categories":[4],"tags":[],"class_list":["post-4966","post","type-post","status-publish","format-standard","has-post-thumbnail","hentry","category-entrepreneur"],"_links":{"self":[{"href":"https:\/\/www.altosor-communication.com\/martinique\/wp-json\/wp\/v2\/posts\/4966","targetHints":{"allow":["GET"]}}],"collection":[{"href":"https:\/\/www.altosor-communication.com\/martinique\/wp-json\/wp\/v2\/posts"}],"about":[{"href":"https:\/\/www.altosor-communication.com\/martinique\/wp-json\/wp\/v2\/types\/post"}],"author":[{"embeddable":true,"href":"https:\/\/www.altosor-communication.com\/martinique\/wp-json\/wp\/v2\/users\/1"}],"replies":[{"embeddable":true,"href":"https:\/\/www.altosor-communication.com\/martinique\/wp-json\/wp\/v2\/comments?post=4966"}],"version-history":[{"count":0,"href":"https:\/\/www.altosor-communication.com\/martinique\/wp-json\/wp\/v2\/posts\/4966\/revisions"}],"wp:featuredmedia":[{"embeddable":true,"href":"https:\/\/www.altosor-communication.com\/martinique\/wp-json\/wp\/v2\/media\/4970"}],"wp:attachment":[{"href":"https:\/\/www.altosor-communication.com\/martinique\/wp-json\/wp\/v2\/media?parent=4966"}],"wp:term":[{"taxonomy":"category","embeddable":true,"href":"https:\/\/www.altosor-communication.com\/martinique\/wp-json\/wp\/v2\/categories?post=4966"},{"taxonomy":"post_tag","embeddable":true,"href":"https:\/\/www.altosor-communication.com\/martinique\/wp-json\/wp\/v2\/tags?post=4966"}],"curies":[{"name":"wp","href":"https:\/\/api.w.org\/{rel}","templated":true}]}}