{"id":8162,"date":"2022-06-28T09:51:07","date_gmt":"2022-06-28T09:51:07","guid":{"rendered":"https:\/\/altosor-communication-martinique.com\/?p=8162"},"modified":"2023-06-02T09:12:13","modified_gmt":"2023-06-02T07:12:13","slug":"developpez-vos-competences-numeriques-grace-au-pass-numerique-en-region-martinique","status":"publish","type":"post","link":"https:\/\/www.altosor-communication.com\/martinique\/developpez-vos-competences-numeriques-grace-au-pass-numerique-en-region-martinique\/","title":{"rendered":"D\u00e9veloppez vos comp\u00e9tences num\u00e9riques gr\u00e2ce au Pass nume\u0301rique en r\u00e9gion Martinique"},"content":{"rendered":"\n<p>Si le monde du num\u00e9rique et ses outils ne sont pas un probl\u00e8me pour certains, ils repr\u00e9sentent encore un handicap pour de nombreux concitoyens.<strong> En effet, la pr<\/strong><strong>\u00e9<\/strong><strong>carit<\/strong><strong>\u00e9 <\/strong><strong>num<\/strong><strong>\u00e9<\/strong><strong>rique soit l&rsquo;absence de comp<\/strong><strong>\u00e9<\/strong><strong>tences num<\/strong><strong>\u00e9<\/strong><strong>riques aussi appel<\/strong><strong>\u00e9<\/strong><strong>e l<\/strong><strong>\u2019<\/strong><strong>illectronisme touche 17 % de la population.<\/strong><\/p>\n\n\n\n<h2 class=\"wp-block-heading\"><strong>L<\/strong><strong>\u2019<\/strong><strong>illectronisme, ou illettrisme num<\/strong><strong>\u00e9<\/strong><strong>rique, concerne 17<\/strong><strong>% de la population<\/strong><\/h2>\n\n\n\n<p>En effet, selon un \u00e9tude de l&rsquo;Insee, \u00ab\u00a0en 2021, 15&nbsp;% des personnes de 15&nbsp;ans ou plus n\u2019ont pas utilis\u00e9 Internet au cours de l\u2019ann\u00e9e, tandis que 38&nbsp;% des usagers manquent d\u2019au moins une comp\u00e9tence num\u00e9rique de base et 2&nbsp;% sont d\u00e9pourvus de toute comp\u00e9tence. Ainsi, l\u2019illectronisme, ou illettrisme num\u00e9rique, concerne 17&nbsp;% de la population. Une personne sur quatre ne sait pas s\u2019informer et une sur cinq est incapable de communiquer <em>via<\/em> Internet. Les personnes les plus \u00e2g\u00e9es, les moins dipl\u00f4m\u00e9es, aux revenus modestes, celles vivant seules ou en couple sans enfant ou encore r\u00e9sidant dans les DOM sont les plus touch\u00e9es par le d\u00e9faut d\u2019\u00e9quipement comme par le manque de comp\u00e9tences.&nbsp;En France, le niveau global de comp\u00e9tences num\u00e9riques est semblable \u00e0 la moyenne europ\u00e9enne&nbsp;\u00bb.<\/p>\n\n\n\n<h2 class=\"wp-block-heading\"><strong>Le Pas<\/strong><strong>s num<\/strong><strong>\u00e9<\/strong><strong>rique pour <\/strong><strong>r<\/strong><strong>\u00e9<\/strong><strong>pondre aux enjeux majeurs de l<\/strong><strong>\u2019<\/strong><strong>inclusion num<\/strong><strong>\u00e9<\/strong><strong>rique<\/strong><\/h2>\n\n\n\n<p>Oui mais voil\u00e0, Internet et la d\u00e9mat\u00e9rialisation ayant pris une place importante dans nos vies quotidienne,&nbsp; la pr\u00e9carit\u00e9 num\u00e9rique pour de nombreuses personnes. C<strong>&lsquo;est pour cela que le <\/strong><strong>Pass Num<\/strong><strong>\u00e9<\/strong><strong>rique est entr<\/strong><strong>\u00e9 <\/strong><strong>en vigueur<\/strong>. \u00ab\u00a0L\u2019Etat doit garantir a\u0300 tous l\u2019acce\u0300s a\u0300 leurs droits et aux services publics et accompagner la monte\u0301e en comp\u00e9tences de chacun sur les outils et usages nume\u0301riques. Cette exigence est d\u2019autant plus renforce\u0301e que la crise sanitaire souligne l\u2019entrave que repre\u0301sente encore le nume\u0301rique pour certains citoyens dans leur vie quotidienne\u00a0\u00bb, explique l&rsquo;Agence nationale de la coh\u00e9sion des territoires (ANCT) n\u00e9e en 2020 de la fusion du Commissariat g\u00e9n\u00e9ral \u00e0 l\u2019\u00e9galit\u00e9 des territoires, d\u2019Epareca et de l\u2019Agence du num\u00e9rique et dont le r\u00f4le est de faciliter l\u2019acc\u00e8s des collectivit\u00e9s locales aux ressources n\u00e9cessaires pour concr\u00e9tiser leurs projets. <strong>Le pass num<\/strong><strong>\u00e9<\/strong><strong>rique se pr<\/strong><strong>\u00e9<\/strong><strong>sente comme une aide individuelle attribu<\/strong><strong>\u00e9<\/strong><strong>e en une ou <\/strong><strong>plusieurs fois selon les r<\/strong><strong>\u00e9<\/strong><strong>gions. L<\/strong><strong>\u2019<\/strong><strong>objectif de ce dispositif est de r<\/strong><strong>\u00e9<\/strong><strong>pondre aux enjeux majeurs de l<\/strong><strong>\u2019<\/strong><strong>inclusion num<\/strong><strong>\u00e9<\/strong><strong>rique et de la lutte contre l<\/strong><strong>\u2019<\/strong><strong>illectronisme.<\/strong><\/p>\n\n\n\n<figure class=\"wp-block-image size-full\"><img fetchpriority=\"high\" decoding=\"async\" width=\"1024\" height=\"684\" src=\"https:\/\/www.altosor-communication.com\/martinique\/wp-content\/uploads\/sites\/3\/2022\/06\/img3.jpeg\" alt=\"\" class=\"wp-image-8163\" srcset=\"https:\/\/www.altosor-communication.com\/martinique\/wp-content\/uploads\/sites\/3\/2022\/06\/img3.jpeg 1024w, https:\/\/www.altosor-communication.com\/martinique\/wp-content\/uploads\/sites\/3\/2022\/06\/img3-300x200.jpeg 300w, https:\/\/www.altosor-communication.com\/martinique\/wp-content\/uploads\/sites\/3\/2022\/06\/img3-768x513.jpeg 768w\" sizes=\"(max-width: 1024px) 100vw, 1024px\" \/><figcaption class=\"wp-element-caption\">Portrait of caucasian young Woman working and typing on laptop computer keyboard &#8211; office and smart working job concept for professional business or employee corporate company<\/figcaption><\/figure>\n\n\n\n<h2 class=\"wp-block-heading\"><strong>Le Pass nume\u0301rique, qu\u2019est-ce que c\u2019est ?<\/strong><\/h2>\n\n\n\n<p>Le dispositif de Pass nume\u0301rique se mate\u0301rialise par des carnets de plusieurs pass, sur le mode\u0300le des tickets-restaurant. Il donne aux be\u0301ne\u0301ficiaires le droit d\u2019acce\u0301der \u2013 dans des lieux pre\u0301alablement qualifie\u0301s \u2013 a\u0300 des services d\u2019accompagnement nume\u0301rique. En e\u0301change, la structure qui a accompagne\u0301 la personne de\u0301tentrice du Pass nume\u0301rique, est contre-paye\u0301e de la valeur du pass.<\/p>\n\n\n\n<p><strong>En pratique, les personnes rec<\/strong><strong>\u0327<\/strong><strong>oivent un carnet de pass nume<\/strong><strong>\u0301<\/strong><strong>riques aupre<\/strong><strong>\u0300<\/strong><strong>s d<\/strong><strong>\u2019<\/strong><strong>une structure locale (guichet de service public, associations, travailleurs sociau<\/strong><strong>x, etc.) et peuvent ensuite participer a<\/strong><strong>\u0300 <\/strong><strong>un atelier d<\/strong><strong>\u2019<\/strong><strong>initiation ou de perfectionnement au nume<\/strong><strong>\u0301<\/strong><strong>rique.<\/strong><\/p>\n\n\n\n<h2 class=\"wp-block-heading\"><strong>Comment c<\/strong><strong>\u0327<\/strong><strong>a marche ?<\/strong><\/h2>\n\n\n\n<p>Le dispositif de Pass nume\u0301rique s\u2019appuie sur plusieurs acteurs :<\/p>\n\n\n\n<ul class=\"wp-block-list\">\n<li>Le commanditaire des Pass nume\u0301riques qui est celui qui ache\u0300te les Pass nume\u0301riques pour pouvoir donner acce\u0300s a\u0300 un accompagnement aux publics qu\u2019il cible (ex : l\u2019Etat, un ope\u0301rateur de service public, une collectivite\u0301 territoriale, une fondation, une entreprise prive\u0301e&#8230;)<\/li>\n\n\n\n<li>Les prescripteurs ou structures de distribution de ces Pass nume\u0301riques qui sont les acteurs qui de\u0301livrent les pass nume\u0301riques aux usagers (une CAF, une agence postale, une mairie rurale, une association). Ces prescripteurs peuvent e\u0302tre les commanditaires eux-me\u0302mes. Ils sont identifi\u00e9s et mobilis\u00e9s en fonction des publics que le commanditaire financeur souhaite cibler.<\/li>\n\n\n\n<li>Les be\u0301ne\u0301ficiaires qui rec\u0327oivent les Pass nume\u0301riques et peuvent e\u0302tre accompagne\u0301s gra\u0302ce a\u0300 ce carnet de Pass.<\/li>\n\n\n\n<li>Les acteurs de proximite\u0301 qui de\u0301livrent l\u2019accompagnement aux usagers et qui sont contre-paye\u0301s de la valeur des Pass (espace public nume\u0301rique, France services, association de me\u0301diation nume\u0301rique, bibliothe\u0300que, centre social, etc.)<\/li>\n\n\n\n<li>L\u2019ope\u0301rateur de Pass nume\u0301rique qui est celui qui e\u0301dite les Pass, mobilise les parties prenantes susceptibles de participer a\u0300 la re\u0301ussite du de\u0301ploiement, qualifie et consolide les acteurs de proximite\u0301 en capacite\u0301 d&rsquo;accompagner les publics et donc de recevoir les Pass.<\/li>\n<\/ul>\n\n\n\n<h2 class=\"wp-block-heading\"><strong>Le Pass Num<\/strong><strong>\u00e9<\/strong><strong>rique en Martinique<\/strong><\/h2>\n\n\n\n<p>Ce sont donc aux R\u00e9gions de mettre en musique cette aide \u00e0 la transformation num\u00e9rique \u00e9galement nomm\u00e9 PASS Num\u00e9rique<strong>. En r\u00e9gion Martinique, c\u2019est la Collectivit\u00e9 Territoriale de Martinique (CTM) qui a mis en place les diff\u00e9rentes aid<\/strong><strong>es d\u00e9<\/strong><strong>di<\/strong><strong>\u00e9es au num\u00e9rique en proposant aux porteurs de projet de cr\u00e9ation ou de d\u00e9veloppement d<\/strong><strong>\u2019<\/strong><strong>entreprise un accompagnement dans la dur\u00e9e afin de leur assurer une viabilit\u00e9 \u00e9conomique<\/strong>. Celle-ci se mat\u00e9rialise sous la forme d\u2019une subvention de 8&nbsp;000 \u20ac \u00e0 10&nbsp;000 \u20ac allant aux entreprises de moins de 30 salari\u00e9s pour d\u00e9velopper leur pr\u00e9sence en ligne ou moderniser les outils num\u00e9riques de l\u2019entreprise.<\/p>\n\n\n\n<h2 class=\"wp-block-heading\"><strong>Comment b<\/strong><strong>\u00e9<\/strong><strong>n<\/strong><strong>\u00e9<\/strong><strong>ficier du Pass Num<\/strong><strong>\u00e9<\/strong><strong>rique en Martinique ?<\/strong><\/h2>\n\n\n\n<p>Pour b\u00e9n\u00e9ficier de cette aide, l\u2019entreprise doit avoir un projet de transformation digitale d\u00e9fini. Ce projet doit repr\u00e9senter un enjeu strat\u00e9gique et un potentiel de croissance pour l\u2019entreprise.<\/p>\n\n\n\n<p>L\u2019intervention de prestataires externes potentiels doit avoir \u00e9t\u00e9 cibl\u00e9e et estim\u00e9e. <strong>L<\/strong><strong>\u2019<\/strong><strong>achat de mat\u00e9riel informatique ne pourra d\u00e9passer 25% de la d\u00e9<\/strong><strong>pense totale<\/strong>. La dur\u00e9e totale du projet ne doit pas d\u00e9passer 24 mois entre le d\u00e9but et la fin (avec une possibilit\u00e9 de renouvellement tous les 2 ans).<\/p>\n\n\n\n<p>Pour candidater au Pass Transformation Num\u00e9rique, l\u2019entreprise porteuse de projet doit d\u2019abord prendre contact avec la Direction des Fili\u00e8res Num\u00e9riques et du Tr\u00e8s Haut d\u00e9bit (Service D\u00e9veloppement de l\u2019Economie Num\u00e9rique).<\/p>\n\n\n\n<p>Elle doit t\u00e9l\u00e9charger sur le site web de la Collectivit\u00e9 Territoriale de&nbsp;Martinique, un dossier type de pr\u00e9sentation du projet, \u00e0 compl\u00e9ter et \u00e0 transmettre au service instructeur. Elle devra en m\u00eame temps adresser un courrier de demande de subvention au Pr\u00e9sident du Conseil Ex\u00e9cutif. Le <strong>d<\/strong><strong>\u00e9<\/strong><strong>p\u00f4<\/strong><strong>t de dossier doit <\/strong><strong>\u00ea<\/strong><strong>tre r\u00e9<\/strong><strong>alis<\/strong><strong>\u00e9 avant toute mise en \u0153uvre de l<\/strong><strong>\u2019<\/strong><strong>op<\/strong><strong>\u00e9ration pour laquelle l<\/strong><strong>\u2019<\/strong><strong>aide est sollicit\u00e9<\/strong><strong>e<\/strong>.<\/p>\n\n\n\n<h3 class=\"wp-block-heading\"><strong>Contact<\/strong><strong>s <\/strong><strong>pour le Pass num\u00e9rique Martinique<\/strong><\/h3>\n\n\n\n<p>Direction des Fili\u00e8res Num\u00e9riques et du Tr\u00e8s Haut D\u00e9bit<br>&nbsp;Service D\u00e9veloppement de l\u2019Economie Num\u00e9rique<br>&nbsp;05 96 59 98 53<br>&nbsp;economie.numerique@collectivitedemartinique.mq<\/p>\n\n\n\n<p>H\u00f4tel de la Collectivit\u00e9 Territoriale de Martinique<br>&nbsp;Rue Gaston DEFFERRE \u2013 Cluny \u2013 CS 30137 \u2013<br>&nbsp;97201 FORT-DE-FRANCE CEDEX<br>&nbsp;www.collectivitedemartinique.mq<\/p>\n","protected":false},"excerpt":{"rendered":"<p>Si le monde du num\u00e9rique et ses outils ne sont pas un probl\u00e8me pour certains, ils repr\u00e9sentent encore un handicap pour de nombreux concitoyens. En effet, la pr\u00e9carit\u00e9 num\u00e9rique soit l&rsquo;absence de comp\u00e9tences num\u00e9riques aussi appel\u00e9e l\u2019illectronisme touche 17 % de la population. L\u2019illectronisme, ou illettrisme num\u00e9rique, concerne 17% de la population En effet, selon [&hellip;]<\/p>\n","protected":false},"author":1,"featured_media":10945,"comment_status":"open","ping_status":"closed","sticky":false,"template":"","format":"standard","meta":{"footnotes":""},"categories":[3,6],"tags":[],"class_list":["post-8162","post","type-post","status-publish","format-standard","has-post-thumbnail","hentry","category-creation-site-internet","category-uncategorized"],"_links":{"self":[{"href":"https:\/\/www.altosor-communication.com\/martinique\/wp-json\/wp\/v2\/posts\/8162","targetHints":{"allow":["GET"]}}],"collection":[{"href":"https:\/\/www.altosor-communication.com\/martinique\/wp-json\/wp\/v2\/posts"}],"about":[{"href":"https:\/\/www.altosor-communication.com\/martinique\/wp-json\/wp\/v2\/types\/post"}],"author":[{"embeddable":true,"href":"https:\/\/www.altosor-communication.com\/martinique\/wp-json\/wp\/v2\/users\/1"}],"replies":[{"embeddable":true,"href":"https:\/\/www.altosor-communication.com\/martinique\/wp-json\/wp\/v2\/comments?post=8162"}],"version-history":[{"count":2,"href":"https:\/\/www.altosor-communication.com\/martinique\/wp-json\/wp\/v2\/posts\/8162\/revisions"}],"predecessor-version":[{"id":11012,"href":"https:\/\/www.altosor-communication.com\/martinique\/wp-json\/wp\/v2\/posts\/8162\/revisions\/11012"}],"wp:featuredmedia":[{"embeddable":true,"href":"https:\/\/www.altosor-communication.com\/martinique\/wp-json\/wp\/v2\/media\/10945"}],"wp:attachment":[{"href":"https:\/\/www.altosor-communication.com\/martinique\/wp-json\/wp\/v2\/media?parent=8162"}],"wp:term":[{"taxonomy":"category","embeddable":true,"href":"https:\/\/www.altosor-communication.com\/martinique\/wp-json\/wp\/v2\/categories?post=8162"},{"taxonomy":"post_tag","embeddable":true,"href":"https:\/\/www.altosor-communication.com\/martinique\/wp-json\/wp\/v2\/tags?post=8162"}],"curies":[{"name":"wp","href":"https:\/\/api.w.org\/{rel}","templated":true}]}}